{"id":1903,"date":"2024-12-18T12:58:08","date_gmt":"2024-12-18T15:58:08","guid":{"rendered":"https:\/\/mcclaplata.com\/boletin\/?p=1903"},"modified":"2024-12-18T12:58:09","modified_gmt":"2024-12-18T15:58:09","slug":"jubileo-2025","status":"publish","type":"post","link":"https:\/\/mcclaplata.com\/boletin\/jubileo-2025\/","title":{"rendered":"Jubileo 2025"},"content":{"rendered":"\t\t<div data-elementor-type=\"wp-post\" data-elementor-id=\"1903\" class=\"elementor elementor-1903\">\n\t\t\t\t\t\t<section class=\"elementor-section elementor-top-section elementor-element elementor-element-fe0e94f elementor-section-boxed elementor-section-height-default elementor-section-height-default\" data-id=\"fe0e94f\" data-element_type=\"section\" data-e-type=\"section\">\n\t\t\t\t\t\t<div class=\"elementor-container elementor-column-gap-default\">\n\t\t\t\t\t<div class=\"elementor-column elementor-col-100 elementor-top-column elementor-element elementor-element-f35d621\" data-id=\"f35d621\" data-element_type=\"column\" data-e-type=\"column\">\n\t\t\t<div class=\"elementor-widget-wrap elementor-element-populated\">\n\t\t\t\t\t\t<div class=\"elementor-element elementor-element-e4a6ec2 elementor-widget elementor-widget-heading\" data-id=\"e4a6ec2\" data-element_type=\"widget\" data-e-type=\"widget\" data-widget_type=\"heading.default\">\n\t\t\t\t<div class=\"elementor-widget-container\">\n\t\t\t\t\t<h2 class=\"elementor-heading-title elementor-size-default\">El Santo Padre ha anunciado que el 2025 ser\u00e1 un A\u00f1o de Jubileo o A\u00f1o Jubilar, algo que ocurre cada 25 a\u00f1os. El tema de este Jubileo 2025 es \u201cPeregrinos de esperanza\u201d, pues ser\u00e1 un a\u00f1o de esperanza para todo el mundo.<\/h2>\t\t\t\t<\/div>\n\t\t\t\t<\/div>\n\t\t\t\t\t<\/div>\n\t\t<\/div>\n\t\t\t\t\t<\/div>\n\t\t<\/section>\n\t\t\t\t<section class=\"elementor-section elementor-top-section elementor-element elementor-element-6ae185d elementor-section-boxed elementor-section-height-default elementor-section-height-default\" data-id=\"6ae185d\" data-element_type=\"section\" data-e-type=\"section\">\n\t\t\t\t\t\t<div class=\"elementor-container elementor-column-gap-default\">\n\t\t\t\t\t<div class=\"elementor-column elementor-col-100 elementor-top-column elementor-element elementor-element-ebd17e4\" data-id=\"ebd17e4\" data-element_type=\"column\" data-e-type=\"column\">\n\t\t\t<div class=\"elementor-widget-wrap elementor-element-populated\">\n\t\t\t\t\t\t<div class=\"elementor-element elementor-element-2ef9d77 elementor-widget elementor-widget-text-editor\" data-id=\"2ef9d77\" data-element_type=\"widget\" data-e-type=\"widget\" data-widget_type=\"text-editor.default\">\n\t\t\t\t<div class=\"elementor-widget-container\">\n\t\t\t\t\t\t\t\t\t<p><b>Qu\u00e9 es un jubileo?<\/b><\/p><p><span style=\"font-weight: 400;\">\u201cJubileo\u201d es el nombre que se da a un a\u00f1o establecido como tiempo especial para renovar una bien fundamentada relaci\u00f3n con Dios, con el pr\u00f3jimo y con toda la creaci\u00f3n.\u00a0<\/span><\/p><p><b>Los Jubileos a lo largo de la Historia<\/b><\/p><p><span style=\"font-weight: 400;\">En la Iglesia Cat\u00f3lica, el concepto de jubileo, o \u201ca\u00f1o santo\u201d, se ha utilizado para instituir a\u00f1os especiales dedicados al perd\u00f3n y la reconciliaci\u00f3n. El primer jubileo fue declarado por el Papa Bonifacio VIII el 22 de febrero de 1300 (Fiesta de la C\u00e1tedra de San Pedro), con el fin de marcar el comienzo de ese siglo. M\u00e1s tarde, recomend\u00f3 que cada cien a\u00f1os se celebrara un a\u00f1o santo.<\/span><\/p><p><b>A\u00f1o del Concilio<\/b><\/p><p><span style=\"font-weight: 400;\">En su carta para la preparaci\u00f3n del A\u00f1o Jubilar 2025, el Papa Francisco dijo: \u201cLas cuatro Constituciones del Concilio Ecum\u00e9nico Vaticano II, junto con el Magisterio de estos decenios, seguir\u00e1n orientando y guiando al santo pueblo de Dios, para que progrese en la misi\u00f3n de llevar el gozoso anuncio del Evangelio a todos.\u201d\u00a0<\/span><\/p><p><b>A\u00f1o de la Oraci\u00f3n<\/b><\/p><p><span style=\"font-weight: 400;\">Despu\u00e9s del tiempo dedicado a la reflexi\u00f3n sobre los documentos del Concilio Vaticano II y al estudio de los frutos que de \u00e9l han surgido, el Papa Francisco ha pedido que el 2024 sea designado como \u201cA\u00f1o de la Oraci\u00f3n\u201d, con el fin de renovar el anhelo de permanecer en prese<\/span> <span style=\"font-weight: 400;\">ncia del Se\u00f1or, escucharlo y adorarlo.<\/span><\/p><p><span style=\"font-weight: 400;\">El Jubileo 2025 se abrir\u00e1 oficialmente el 24 de diciembre de 2024 a las 19:00, con el rito de Apertura de la Puerta Santa de la Bas\u00edlica Papal de San Pedro por parte del Santo Padre, quien luego presidir\u00e1 la celebraci\u00f3n de la Santa Misa en la noche de la Natividad del Se\u00f1or en la Bas\u00edlica. El evento se podr\u00e1 seguir \u00fanicamente a trav\u00e9s de las pantallas gigantes instaladas en la Plaza de San Pedro.<\/span><\/p><p><span style=\"font-weight: 400;\">La Puerta Santa es un s\u00edmbolo de la entrada al perd\u00f3n y la reconciliaci\u00f3n para los cat\u00f3licos.\u00a0Los fieles que atraviesan las Puertas Santas pueden obtener la indulgencia plenaria, siempre que cumplan con las condiciones establecidas por la Iglesia.\u00a0<\/span><\/p><p><span style=\"font-weight: 400;\">Adem\u00e1s de la apertura de la Puerta Santa de la Bas\u00edlica de San Pedro, el Papa Francisco abrir\u00e1 otras puertas santas en Roma, incluyendo la c\u00e1rcel de Rebibbia:<\/span><\/p><ul><li style=\"font-weight: 400;\" aria-level=\"1\"><span style=\"font-weight: 400;\">El 26 de diciembre, el papa Francisco abrir\u00e1 una puerta simb\u00f3lica en la prisi\u00f3n de Rebibbia en Roma.\u00a0Este acto es un signo de esperanza para las personas privadas de libertad<\/span><\/li><\/ul><p><b>La indulgencia plenaria: el coraz\u00f3n del Jubileo<\/b><\/p><p><span style=\"font-weight: 400;\">La indulgencia plenaria es el signo m\u00e1s caracter\u00edstico del A\u00f1o Jubilar, transmitido desde el primer Jubileo en 1300. Como explic\u00f3 el Dicasterio, la indulgencia busca expresar \u201cla plenitud del perd\u00f3n de Dios que no conoce confines\u201d. Para obtenerla, se invita a los fieles a: estar debidamente arrepentidos y confesados, recibir la Eucarist\u00eda, rezar por las intenciones del Papa. La indulgencia tambi\u00e9n puede ser aplicada como sufragio por las almas del Purgatorio.<\/span><\/p><p><span style=\"font-weight: 400;\">La indulgencia puede obtenerse, por ejemplo, durante las sagradas peregrinaciones. Es el caso de Roma, al visitar al menos una de las cuatro Bas\u00edlicas Papales Mayores: de San Pedro en el Vaticano, del Sant\u00edsimo Salvador en el Laterano, de Santa Mar\u00eda la Mayor, de San Pablo Extramuros.<\/span><\/p><p><b>El d\u00eda de la clausura del Jubileo<\/b><\/p><p><span style=\"font-weight: 400;\">El Jubileo concluir\u00e1 con el cierre de la Puerta Santa de la Bas\u00edlica de San Pedro el 6 de enero de 2026, durante la festividad de la Epifan\u00eda del Se\u00f1or, en la que se recuerda la \u201cmanifestaci\u00f3n\u201d del Mes\u00edas esperado a todos los pueblos de la humanidad. Este acto marcar\u00e1 el final de un a\u00f1o lleno de gracia, oraci\u00f3n y renovaci\u00f3n espiritual.<\/span><\/p>\t\t\t\t\t\t\t\t<\/div>\n\t\t\t\t<\/div>\n\t\t\t\t\t<\/div>\n\t\t<\/div>\n\t\t\t\t\t<\/div>\n\t\t<\/section>\n\t\t\t\t<section class=\"elementor-section elementor-top-section elementor-element elementor-element-36e75fe elementor-section-boxed elementor-section-height-default elementor-section-height-default\" data-id=\"36e75fe\" data-element_type=\"section\" data-e-type=\"section\">\n\t\t\t\t\t\t<div class=\"elementor-container elementor-column-gap-default\">\n\t\t\t\t\t<div class=\"elementor-column elementor-col-100 elementor-top-column elementor-element elementor-element-7ea05f5\" data-id=\"7ea05f5\" data-element_type=\"column\" data-e-type=\"column\">\n\t\t\t<div class=\"elementor-widget-wrap elementor-element-populated\">\n\t\t\t\t\t\t<div class=\"elementor-element elementor-element-52e09cd elementor-widget elementor-widget-image-gallery\" data-id=\"52e09cd\" data-element_type=\"widget\" data-e-type=\"widget\" data-widget_type=\"image-gallery.default\">\n\t\t\t\t<div class=\"elementor-widget-container\">\n\t\t\t\t\t\t\t<div class=\"elementor-image-gallery\">\n\t\t\t<div id='gallery-1' class='gallery galleryid-1903 gallery-columns-3 gallery-size-large'><figure class='gallery-item'>\n\t\t\t<div class='gallery-icon landscape'>\n\t\t\t\t<a data-elementor-open-lightbox=\"yes\" data-elementor-lightbox-slideshow=\"52e09cd\" data-e-action-hash=\"#elementor-action%3Aaction%3Dlightbox%26settings%3DeyJpZCI6MTkxMCwidXJsIjoiaHR0cHM6XC9cL21jY2xhcGxhdGEuY29tXC9ib2xldGluXC93cC1jb250ZW50XC91cGxvYWRzXC8yMDI0XC8xMlwvajIucG5nIiwic2xpZGVzaG93IjoiNTJlMDljZCJ9\" href='https:\/\/mcclaplata.com\/boletin\/wp-content\/uploads\/2024\/12\/j2.png'><img fetchpriority=\"high\" decoding=\"async\" width=\"1024\" height=\"1024\" src=\"https:\/\/mcclaplata.com\/boletin\/wp-content\/uploads\/2024\/12\/j2-1024x1024.png\" class=\"attachment-large size-large\" alt=\"\" srcset=\"https:\/\/mcclaplata.com\/boletin\/wp-content\/uploads\/2024\/12\/j2-1024x1024.png 1024w, https:\/\/mcclaplata.com\/boletin\/wp-content\/uploads\/2024\/12\/j2-300x300.png 300w, https:\/\/mcclaplata.com\/boletin\/wp-content\/uploads\/2024\/12\/j2-150x150.png 150w, https:\/\/mcclaplata.com\/boletin\/wp-content\/uploads\/2024\/12\/j2-768x768.png 768w, https:\/\/mcclaplata.com\/boletin\/wp-content\/uploads\/2024\/12\/j2-700x700.png 700w, https:\/\/mcclaplata.com\/boletin\/wp-content\/uploads\/2024\/12\/j2-500x500.png 500w, https:\/\/mcclaplata.com\/boletin\/wp-content\/uploads\/2024\/12\/j2.png 1080w\" sizes=\"(max-width: 1024px) 100vw, 1024px\" \/><\/a>\n\t\t\t<\/div><\/figure><figure class='gallery-item'>\n\t\t\t<div class='gallery-icon portrait'>\n\t\t\t\t<a data-elementor-open-lightbox=\"yes\" data-elementor-lightbox-slideshow=\"52e09cd\" data-e-action-hash=\"#elementor-action%3Aaction%3Dlightbox%26settings%3DeyJpZCI6MTkxMiwidXJsIjoiaHR0cHM6XC9cL21jY2xhcGxhdGEuY29tXC9ib2xldGluXC93cC1jb250ZW50XC91cGxvYWRzXC8yMDI0XC8xMlwvajQuanBnIiwic2xpZGVzaG93IjoiNTJlMDljZCJ9\" href='https:\/\/mcclaplata.com\/boletin\/wp-content\/uploads\/2024\/12\/j4.jpg'><img decoding=\"async\" width=\"736\" height=\"1024\" src=\"https:\/\/mcclaplata.com\/boletin\/wp-content\/uploads\/2024\/12\/j4-736x1024.jpg\" class=\"attachment-large size-large\" alt=\"\" srcset=\"https:\/\/mcclaplata.com\/boletin\/wp-content\/uploads\/2024\/12\/j4-736x1024.jpg 736w, https:\/\/mcclaplata.com\/boletin\/wp-content\/uploads\/2024\/12\/j4-216x300.jpg 216w, https:\/\/mcclaplata.com\/boletin\/wp-content\/uploads\/2024\/12\/j4-768x1068.jpg 768w, https:\/\/mcclaplata.com\/boletin\/wp-content\/uploads\/2024\/12\/j4.jpg 872w\" sizes=\"(max-width: 736px) 100vw, 736px\" \/><\/a>\n\t\t\t<\/div><\/figure><figure class='gallery-item'>\n\t\t\t<div class='gallery-icon landscape'>\n\t\t\t\t<a data-elementor-open-lightbox=\"yes\" data-elementor-lightbox-slideshow=\"52e09cd\" data-e-action-hash=\"#elementor-action%3Aaction%3Dlightbox%26settings%3DeyJpZCI6MTkwOSwidXJsIjoiaHR0cHM6XC9cL21jY2xhcGxhdGEuY29tXC9ib2xldGluXC93cC1jb250ZW50XC91cGxvYWRzXC8yMDI0XC8xMlwvajEucG5nIiwic2xpZGVzaG93IjoiNTJlMDljZCJ9\" href='https:\/\/mcclaplata.com\/boletin\/wp-content\/uploads\/2024\/12\/j1.png'><img decoding=\"async\" width=\"1024\" height=\"1024\" src=\"https:\/\/mcclaplata.com\/boletin\/wp-content\/uploads\/2024\/12\/j1-1024x1024.png\" class=\"attachment-large size-large\" alt=\"\" srcset=\"https:\/\/mcclaplata.com\/boletin\/wp-content\/uploads\/2024\/12\/j1-1024x1024.png 1024w, https:\/\/mcclaplata.com\/boletin\/wp-content\/uploads\/2024\/12\/j1-300x300.png 300w, https:\/\/mcclaplata.com\/boletin\/wp-content\/uploads\/2024\/12\/j1-150x150.png 150w, https:\/\/mcclaplata.com\/boletin\/wp-content\/uploads\/2024\/12\/j1-768x768.png 768w, https:\/\/mcclaplata.com\/boletin\/wp-content\/uploads\/2024\/12\/j1-700x700.png 700w, https:\/\/mcclaplata.com\/boletin\/wp-content\/uploads\/2024\/12\/j1-500x500.png 500w, https:\/\/mcclaplata.com\/boletin\/wp-content\/uploads\/2024\/12\/j1.png 1080w\" sizes=\"(max-width: 1024px) 100vw, 1024px\" \/><\/a>\n\t\t\t<\/div><\/figure>\n\t\t<\/div>\n\t\t<\/div>\n\t\t\t\t\t\t<\/div>\n\t\t\t\t<\/div>\n\t\t\t\t\t<\/div>\n\t\t<\/div>\n\t\t\t\t\t<\/div>\n\t\t<\/section>\n\t\t\t\t<\/div>\n\t\t","protected":false},"excerpt":{"rendered":"<p>El Santo Padre ha anunciado que el 2025 ser\u00e1 un A\u00f1o de Jubileo o A\u00f1o Jubilar, algo que ocurre cada 25 a\u00f1os. El tema de este Jubileo 2025 es \u201cPeregrinos de esperanza\u201d, pues ser\u00e1 un a\u00f1o de esperanza para todo el mundo. Qu\u00e9 es un jubileo? \u201cJubileo\u201d es el nombre que se da a un [&hellip;]<\/p>\n","protected":false},"author":4,"featured_media":1911,"comment_status":"closed","ping_status":"open","sticky":false,"template":"","format":"standard","meta":{"footnotes":""},"categories":[1],"tags":[],"class_list":["post-1903","post","type-post","status-publish","format-standard","has-post-thumbnail","hentry","category-sin-categoria"],"_links":{"self":[{"href":"https:\/\/mcclaplata.com\/boletin\/wp-json\/wp\/v2\/posts\/1903","targetHints":{"allow":["GET"]}}],"collection":[{"href":"https:\/\/mcclaplata.com\/boletin\/wp-json\/wp\/v2\/posts"}],"about":[{"href":"https:\/\/mcclaplata.com\/boletin\/wp-json\/wp\/v2\/types\/post"}],"author":[{"embeddable":true,"href":"https:\/\/mcclaplata.com\/boletin\/wp-json\/wp\/v2\/users\/4"}],"replies":[{"embeddable":true,"href":"https:\/\/mcclaplata.com\/boletin\/wp-json\/wp\/v2\/comments?post=1903"}],"version-history":[{"count":8,"href":"https:\/\/mcclaplata.com\/boletin\/wp-json\/wp\/v2\/posts\/1903\/revisions"}],"predecessor-version":[{"id":1915,"href":"https:\/\/mcclaplata.com\/boletin\/wp-json\/wp\/v2\/posts\/1903\/revisions\/1915"}],"wp:featuredmedia":[{"embeddable":true,"href":"https:\/\/mcclaplata.com\/boletin\/wp-json\/wp\/v2\/media\/1911"}],"wp:attachment":[{"href":"https:\/\/mcclaplata.com\/boletin\/wp-json\/wp\/v2\/media?parent=1903"}],"wp:term":[{"taxonomy":"category","embeddable":true,"href":"https:\/\/mcclaplata.com\/boletin\/wp-json\/wp\/v2\/categories?post=1903"},{"taxonomy":"post_tag","embeddable":true,"href":"https:\/\/mcclaplata.com\/boletin\/wp-json\/wp\/v2\/tags?post=1903"}],"curies":[{"name":"wp","href":"https:\/\/api.w.org\/{rel}","templated":true}]}}